{"id":81403,"date":"2026-09-01T12:36:52","date_gmt":"2026-09-01T10:36:52","guid":{"rendered":"https:\/\/aton.com\/?p=81403"},"modified":"2026-09-01T12:36:52","modified_gmt":"2026-09-01T10:36:52","slug":"ia-y-trabajo-quien-corre-realmente-riesgo-en-la-revolucion-de-los-algoritmos","status":"publish","type":"post","link":"https:\/\/aton.com\/es\/ia-y-trabajo-quien-corre-realmente-riesgo-en-la-revolucion-de-los-algoritmos\/","title":{"rendered":"IA y trabajo: qui\u00e9n est\u00e1 realmente en riesgo en la revoluci\u00f3n de los algoritmos"},"content":{"rendered":"<p class=\"isSelectedEnd\">Cuando hablamos de <strong>inteligencia artificial<\/strong>, el debate suele oscilar entre el entusiasmo tecno-optimista y el temor a una sustituci\u00f3n masiva de puestos de trabajo. Sin embargo, cuando se observa el fen\u00f3meno desde la perspectiva de una empresa tecnol\u00f3gica que trabaja a diario en la intersecci\u00f3n entre <strong>algoritmos y procesos empresariales<\/strong>, la perspectiva es muy distinta.<\/p>\n<p class=\"isSelectedEnd\"><a href=\"https:\/\/www.agendadigitale.eu\/cultura-digitale\/ai-e-lavoro-in-italia-ecco-le-professioni-piu-esposte\/\">La llegada de la IA al mercado laboral<\/a> puede interpretarse como una amenaza para el empleo o, por el contrario, como una oportunidad hist\u00f3rica para mejorar la calidad del trabajo.<\/p>\n<p class=\"isSelectedEnd\">La verdadera cuesti\u00f3n no es si la IA trabajar\u00e1 en nuestro lugar, sino c\u00f3mo puede ayudarnos a liberarnos de las tareas repetitivas y devolver el protagonismo a <strong>las relaciones, el ingenio y la creatividad<\/strong>.<\/p>\n<h2>IA y empleo en Italia: las cifras de la transformaci\u00f3n<\/h2>\n<p class=\"isSelectedEnd\">No podemos ignorar los datos. Seg\u00fan el reciente informe de <strong>Censis-Confcooperative \u201cInteligencia artificial y personas: \u00bfqui\u00e9n estar\u00e1 al servicio de qui\u00e9n?\u201d<\/strong>, el <a href=\"https:\/\/www.agendadigitale.eu\/industry-4-0\/come-restare-competitivi-nellera-dellai-una-guida-per-le-aziende\/\">impacto de la revoluci\u00f3n algor\u00edtmica<\/a> sobre la sociedad italiana ser\u00e1 considerable.<\/p>\n<p class=\"isSelectedEnd\">De aqu\u00ed a 2035, alrededor de <strong>15 millones de trabajadores italianos<\/strong> \u2014aproximadamente una cuarta parte de toda la poblaci\u00f3n\u2014 estar\u00e1n expuestos al impacto de la IA. De ellos, cerca de <strong>6 millones<\/strong> podr\u00edan ver c\u00f3mo sus funciones actuales se reducen significativamente o incluso desaparecen.<\/p>\n<p class=\"isSelectedEnd\">Son cifras que no pueden pasarse por alto y que exigen una respuesta sin precedentes tanto por parte de las instituciones como de las empresas.<\/p>\n<p class=\"isSelectedEnd\">Sin embargo, existe otra cara de la moneda: alrededor de <strong>9 millones de trabajadores<\/strong> podr\u00e1n incorporar la IA a sus funciones y orientar su actividad diaria hacia tareas m\u00e1s estrat\u00e9gicas y de mayor valor, reduciendo el peso de las actividades puramente operativas.<\/p>\n<p class=\"isSelectedEnd\">Uno de los datos m\u00e1s significativos, destacado tambi\u00e9n por <strong>Il Sole 24 Ore<\/strong>, tiene que ver con el perfil de los profesionales m\u00e1s expuestos. A diferencia de anteriores revoluciones industriales, la exposici\u00f3n a la IA es especialmente elevada entre las clases medias y medio-altas y tiende a aumentar con el nivel educativo.<\/p>\n<h2>El impacto de la IA en los profesionales white collar<\/h2>\n<p class=\"isSelectedEnd\">Hoy la IA no afecta principalmente a quienes realizan tareas manuales complejas en entornos variables, sino a los <strong>\u201c<\/strong><a href=\"https:\/\/www.agendadigitale.eu\/mercati-digitali\/intelligenza-artificiale-minaccia-costante-per-i-giovani-lavoratori\/\"><strong>white collar<\/strong><\/a><strong>\u201d<\/strong>, como contables, desarrolladores de software, profesionales del sector bancario, consultores, economistas y especialistas en seguros.<\/p>\n<p class=\"isSelectedEnd\">Es una revoluci\u00f3n que est\u00e1 teniendo lugar en las oficinas, no en las l\u00edneas de producci\u00f3n.<\/p>\n<p class=\"isSelectedEnd\">Otro aspecto cr\u00edtico que requiere especial atenci\u00f3n es el <strong><a href=\"https:\/\/www.agendadigitale.eu\/cultura-digitale\/competenze-digitali\/ai-gender-gap-donne-lavoro\/\">impacto sobre la igualdad de g\u00e9nero<\/a><\/strong>.<\/p>\n<p class=\"isSelectedEnd\">Dado que las mujeres est\u00e1n estad\u00edsticamente menos representadas en los trabajos predominantemente manuales, pueden estar m\u00e1s expuestas a la automatizaci\u00f3n de tareas cognitivas y administrativas.<\/p>\n<p class=\"isSelectedEnd\">Sin una gobernanza responsable, existe el riesgo de que la IA ampl\u00ede la brecha de g\u00e9nero y ponga en peligro d\u00e9cadas de avances hacia una mayor igualdad.<\/p>\n<h2>Gobernanza \u00e9tica y responsabilidad social empresarial<\/h2>\n<p class=\"isSelectedEnd\">La <strong>responsabilidad social empresarial<\/strong> y la sostenibilidad desempe\u00f1ar\u00e1n un papel cada vez m\u00e1s importante a la hora de corregir desequilibrios y evitar excesos.<\/p>\n<p class=\"isSelectedEnd\">Empresarios y directivos no pueden limitarse a implantar tecnolog\u00eda \u00fanicamente para reducir costes. Todos tenemos la responsabilidad de promover una <strong><a href=\"https:\/\/www.agendadigitale.eu\/cultura-digitale\/umano-e-ia-un-equilibrio-instabile-tra-etica-lavoro-e-controllo\/\">gobernanza \u00e9tica y transparente<\/a><\/strong> e invertir de forma significativa en programas de <a href=\"https:\/\/www.agendadigitale.eu\/cultura-digitale\/competenze-digitali\/upskilling-e-reskilling-ecco-come-vincere-la-sfida-dello-skill-gap\/\">upskilling<\/a> y reskilling para evitar que las personas se queden atr\u00e1s.<\/p>\n<p class=\"isSelectedEnd\">La tecnolog\u00eda debe ser una herramienta al servicio de un progreso social inclusivo y sostenible a largo plazo, no un fin orientado \u00fanicamente a maximizar el beneficio a corto plazo, independientemente de sus consecuencias sociales y medioambientales.<\/p>\n<p class=\"isSelectedEnd\">Si se gestiona correctamente, la IA puede convertirse en uno de los mayores <strong>motores de productividad<\/strong> jam\u00e1s desarrollados.<\/p>\n<p class=\"isSelectedEnd\">Las estimaciones apuntan a que, durante los pr\u00f3ximos diez a\u00f1os, el crecimiento del PIB vinculado a la IA podr\u00eda alcanzar alrededor de un <strong>1,8 %<\/strong>, generando aproximadamente <strong>40.000 millones de euros de valor a\u00f1adido<\/strong> para la econom\u00eda italiana.<\/p>\n<h2>IA y empresas: de la productividad a un time-to-market m\u00e1s r\u00e1pido<\/h2>\n<p class=\"isSelectedEnd\">Para las empresas, esto puede traducirse en una reducci\u00f3n significativa del <strong>time-to-market<\/strong> y en nuevas oportunidades de negocio.<\/p>\n<p class=\"isSelectedEnd\">Al delegar en agentes de IA las tareas m\u00e1s repetitivas y exigentes \u2014por ejemplo, la s\u00edntesis de grandes vol\u00famenes de datos o la generaci\u00f3n de c\u00f3digo b\u00e1sico\u2014, las empresas pueden avanzar m\u00e1s r\u00e1pido, innovar con mayor frecuencia y responder a las necesidades de los clientes con un nivel de rapidez y personalizaci\u00f3n que antes habr\u00eda sido dif\u00edcil de sostener.<\/p>\n<p class=\"isSelectedEnd\">La IA no deber\u00eda servir para eliminar empleos, sino para reducir el trabajo cognitivo repetitivo y de bajo valor, permitiendo que los profesionales se concentren en las relaciones humanas, la resoluci\u00f3n de problemas complejos y la creatividad.<\/p>\n<p class=\"isSelectedEnd\">Las <strong>profesiones cualificadas con tareas altamente automatizables<\/strong> se encuentran entre las m\u00e1s expuestas.<\/p>\n<p class=\"isSelectedEnd\">Quienes desempe\u00f1an funciones basadas principalmente en rutinas repetitivas, introducci\u00f3n manual de datos, hojas de c\u00e1lculo o c\u00e1lculos estructurados tendr\u00e1n que evolucionar.<\/p>\n<p class=\"isSelectedEnd\">Profesionales como historiadores, project managers y directivos podr\u00e1n encontrar en la IA el <strong>\u201ccopiloto\u201d ideal<\/strong>: un asistente digital incansable capaz de analizar grandes vol\u00famenes de informaci\u00f3n, detectar posibles desviaciones presupuestarias y plantear distintos escenarios para apoyar la toma de decisiones en tiempo real.<\/p>\n<h2>La f\u00e1brica digital centrada en las personas<\/h2>\n<p class=\"isSelectedEnd\">El objetivo final deber\u00eda ser construir una <strong>\u201c<\/strong><a href=\"https:\/\/www.agendadigitale.eu\/cultura-digitale\/ia-nel-lavoro-grandi-opportunita-rischi-reali-la-partita-si-gioca-sulla-governance\/\"><strong>f\u00e1brica digital centrada en las personas<\/strong><\/a><strong>\u201d<\/strong>.<\/p>\n<p class=\"isSelectedEnd\">En este modelo, la tecnolog\u00eda no a\u00edsla a las personas, sino que les permite aportar m\u00e1s valor dentro de un entorno de trabajo con mayor autonom\u00eda y capacidad de decisi\u00f3n.<\/p>\n<p class=\"isSelectedEnd\">Un contable no desaparecer\u00e1 necesariamente, pero podr\u00e1 evolucionar hacia un papel de asesor estrat\u00e9gico, ayudando a las organizaciones a interpretar y contextualizar los datos.<\/p>\n<p class=\"isSelectedEnd\">Un desarrollador de software no dejar\u00e1 de escribir c\u00f3digo, pero podr\u00e1 dedicar m\u00e1s tiempo al dise\u00f1o de soluciones innovadoras para problemas complejos, dejando a los agentes de IA las tareas de programaci\u00f3n m\u00e1s b\u00e1sicas y rutinarias.<\/p>\n<p class=\"isSelectedEnd\">Para afrontar la era de la inteligencia artificial, los profesionales tendr\u00e1n que adoptar un enfoque <strong>proactivo y flexible<\/strong> y entender la formaci\u00f3n como un proceso continuo.<\/p>\n<p class=\"isSelectedEnd\">Ya no basta con obtener una titulaci\u00f3n y considerar completado el aprendizaje. La actualizaci\u00f3n constante, las certificaciones digitales y una base t\u00e9cnica y cient\u00edfica s\u00f3lida ser\u00e1n cada vez m\u00e1s importantes en un mercado laboral cada vez m\u00e1s automatizado.<\/p>\n<h2>Competencias digitales, adaptabilidad y ciberseguridad<\/h2>\n<p class=\"isSelectedEnd\">La <strong>adaptabilidad<\/strong> se est\u00e1 convirtiendo en una competencia esencial. El coraje, la curiosidad y unas s\u00f3lidas habilidades interpersonales permitir\u00e1n a los profesionales reinventarse a lo largo de su carrera.<\/p>\n<p class=\"isSelectedEnd\">Al mismo tiempo, el networking a trav\u00e9s de canales digitales est\u00e1 evolucionando de una simple herramienta de visibilidad a un recurso estrat\u00e9gico. Saber utilizar eficazmente las plataformas digitales y las redes sociales ser\u00e1 cada vez m\u00e1s importante para identificar oportunidades de mercado a\u00fan no exploradas y desarrollar estrategias comerciales m\u00e1s eficaces.<\/p>\n<p class=\"isSelectedEnd\">La <strong>cultura digital y la ciberseguridad<\/strong> tambi\u00e9n se est\u00e1n convirtiendo en pilares fundamentales del entorno profesional actual.<\/p>\n<p class=\"isSelectedEnd\">Proteger los datos y gestionar la reputaci\u00f3n online ya no son cuestiones secundarias. Un ciberataque puede tener consecuencias m\u00e1s graves para una empresa que una cat\u00e1strofe natural, llegando incluso a poner en riesgo su continuidad.<\/p>\n<p class=\"isSelectedEnd\">En este contexto, invertir en seguridad y competencias digitales es esencial tanto para aprovechar las oportunidades generadas por la transformaci\u00f3n tecnol\u00f3gica como para reforzar la resiliencia profesional y empresarial a largo plazo.<\/p>\n<h2>IA y trabajo: ante todo, un reto cultural<\/h2>\n<p class=\"isSelectedEnd\">El reto que tenemos por delante es, ante todo, <strong>cultural<\/strong>.<\/p>\n<p class=\"isSelectedEnd\">Como CEO, considero que esta transici\u00f3n debe gestionarse no solo teniendo en cuenta los resultados econ\u00f3micos, sino tambi\u00e9n siendo conscientes de que cada l\u00ednea de c\u00f3digo deber\u00eda contribuir, en \u00faltima instancia, a mejorar la vida de las personas.<\/p>\n<p class=\"isSelectedEnd\">La inteligencia artificial es un reflejo de nuestra capacidad para evolucionar.<\/p>\n<p class=\"isSelectedEnd\">Si sabemos aprovechar esta oportunidad con responsabilidad \u00e9tica, podremos construir un mercado laboral en el que las personas dejen de ser simples engranajes de la m\u00e1quina y pasen a decidir c\u00f3mo utilizar la tecnolog\u00eda y qu\u00e9 valor queremos generar con ella.<\/p>\n<p>La pregunta no es si las m\u00e1quinas nos sustituir\u00e1n, sino si seremos lo suficientemente valientes como para permitir que nos ayuden a ser m\u00e1s humanos.<\/p>\n<p><strong><div class=\"custom_button\"><a href=\"#\" class=\"dropbtn mx-auto _slim\" title=\"Contacto\" target=\"\" ><div class=\"dropbtn_content\">Contacto<\/div><div class=\"dropbtn_drop\"><i class=\"sn_sprite _button_drop \"><svg viewBox=\"0 0 147 64\"><use xlink:href=\"\/wp-content\/themes\/aton\/assets\/images\/icons.svg#button-drop\" \/><\/svg><\/i><\/div><div class=\"dropbtn_spacer\"><\/div><\/a><\/div><br \/>\n<\/strong><\/p>\n","protected":false},"excerpt":{"rendered":"<p>Cuando hablamos de inteligencia artificial, el debate suele oscilar entre el entusiasmo tecno-optimista y el temor a una sustituci\u00f3n masiva de puestos de trabajo. Sin embargo, cuando se observa el fen\u00f3meno desde la perspectiva de una empresa tecnol\u00f3gica que trabaja a diario en la intersecci\u00f3n entre algoritmos y procesos empresariales, la perspectiva es muy distinta. [&hellip;]<\/p>\n","protected":false},"author":22,"featured_media":81404,"comment_status":"closed","ping_status":"closed","sticky":false,"template":"","format":"standard","meta":{"_acf_changed":false},"class_list":["post-81403","post","type-post","status-publish","format-standard","has-post-thumbnail","hentry","keyword-people-es","keyword-tech-es"],"acf":[],"yoast_head":"<!-- This site is optimized with the Yoast SEO plugin v27.7 - https:\/\/yoast.com\/product\/yoast-seo-wordpress\/ -->\n<title>IA y trabajo: riesgos, oportunidades y competencias<\/title>\n<meta name=\"description\" content=\"C\u00f3mo la IA est\u00e1 transformando el trabajo, qu\u00e9 profesiones est\u00e1n m\u00e1s expuestas y por qu\u00e9 las competencias, el reskilling y una gobernanza responsable ser\u00e1n decisivos.\" \/>\n<meta name=\"robots\" content=\"index, follow, max-snippet:-1, max-image-preview:large, max-video-preview:-1\" \/>\n<link rel=\"canonical\" href=\"https:\/\/aton.com\/es\/ia-y-trabajo-quien-corre-realmente-riesgo-en-la-revolucion-de-los-algoritmos\/\" \/>\n<meta property=\"og:locale\" content=\"es_ES\" \/>\n<meta property=\"og:type\" content=\"article\" \/>\n<meta property=\"og:title\" content=\"IA y trabajo: riesgos, oportunidades y competencias\" \/>\n<meta property=\"og:description\" content=\"C\u00f3mo la IA est\u00e1 transformando el trabajo, qu\u00e9 profesiones est\u00e1n m\u00e1s expuestas y por qu\u00e9 las competencias, el reskilling y una gobernanza responsable ser\u00e1n decisivos.\" \/>\n<meta property=\"og:url\" content=\"https:\/\/aton.com\/es\/ia-y-trabajo-quien-corre-realmente-riesgo-en-la-revolucion-de-los-algoritmos\/\" \/>\n<meta property=\"og:site_name\" content=\"Aton\" \/>\n<meta property=\"article:publisher\" content=\"https:\/\/www.facebook.com\/aton.spa\/\" \/>\n<meta property=\"article:published_time\" content=\"2026-09-01T10:36:52+00:00\" \/>\n<meta property=\"og:image\" content=\"https:\/\/aton.com\/wp-content\/uploads\/2026\/09\/Banner-articoli-sito-28.jpg\" \/>\n\t<meta property=\"og:image:width\" content=\"1920\" \/>\n\t<meta property=\"og:image:height\" content=\"1080\" \/>\n\t<meta property=\"og:image:type\" content=\"image\/jpeg\" \/>\n<meta name=\"author\" content=\"Majda\" \/>\n<meta name=\"twitter:card\" content=\"summary_large_image\" \/>\n<meta name=\"twitter:label1\" content=\"Escrito por\" \/>\n\t<meta name=\"twitter:data1\" content=\"Majda\" \/>\n\t<meta name=\"twitter:label2\" content=\"Tiempo de lectura\" \/>\n\t<meta name=\"twitter:data2\" content=\"7 minutos\" \/>\n<script type=\"application\/ld+json\" class=\"yoast-schema-graph\">{\"@context\":\"https:\\\/\\\/schema.org\",\"@graph\":[{\"@type\":\"Article\",\"@id\":\"https:\\\/\\\/aton.com\\\/es\\\/ia-y-trabajo-quien-corre-realmente-riesgo-en-la-revolucion-de-los-algoritmos\\\/#article\",\"isPartOf\":{\"@id\":\"https:\\\/\\\/aton.com\\\/es\\\/ia-y-trabajo-quien-corre-realmente-riesgo-en-la-revolucion-de-los-algoritmos\\\/\"},\"author\":{\"name\":\"Majda\",\"@id\":\"https:\\\/\\\/aton.com\\\/es\\\/#\\\/schema\\\/person\\\/1c6b0cc0b6710192731fc03784deabcd\"},\"headline\":\"IA y trabajo: qui\u00e9n est\u00e1 realmente en riesgo en la revoluci\u00f3n de los algoritmos\",\"datePublished\":\"2026-09-01T10:36:52+00:00\",\"mainEntityOfPage\":{\"@id\":\"https:\\\/\\\/aton.com\\\/es\\\/ia-y-trabajo-quien-corre-realmente-riesgo-en-la-revolucion-de-los-algoritmos\\\/\"},\"wordCount\":1443,\"publisher\":{\"@id\":\"https:\\\/\\\/aton.com\\\/es\\\/#organization\"},\"image\":{\"@id\":\"https:\\\/\\\/aton.com\\\/es\\\/ia-y-trabajo-quien-corre-realmente-riesgo-en-la-revolucion-de-los-algoritmos\\\/#primaryimage\"},\"thumbnailUrl\":\"https:\\\/\\\/aton.com\\\/wp-content\\\/uploads\\\/2026\\\/09\\\/Banner-articoli-sito-28.jpg\",\"inLanguage\":\"es\"},{\"@type\":\"WebPage\",\"@id\":\"https:\\\/\\\/aton.com\\\/es\\\/ia-y-trabajo-quien-corre-realmente-riesgo-en-la-revolucion-de-los-algoritmos\\\/\",\"url\":\"https:\\\/\\\/aton.com\\\/es\\\/ia-y-trabajo-quien-corre-realmente-riesgo-en-la-revolucion-de-los-algoritmos\\\/\",\"name\":\"IA y trabajo: riesgos, oportunidades y competencias\",\"isPartOf\":{\"@id\":\"https:\\\/\\\/aton.com\\\/es\\\/#website\"},\"primaryImageOfPage\":{\"@id\":\"https:\\\/\\\/aton.com\\\/es\\\/ia-y-trabajo-quien-corre-realmente-riesgo-en-la-revolucion-de-los-algoritmos\\\/#primaryimage\"},\"image\":{\"@id\":\"https:\\\/\\\/aton.com\\\/es\\\/ia-y-trabajo-quien-corre-realmente-riesgo-en-la-revolucion-de-los-algoritmos\\\/#primaryimage\"},\"thumbnailUrl\":\"https:\\\/\\\/aton.com\\\/wp-content\\\/uploads\\\/2026\\\/09\\\/Banner-articoli-sito-28.jpg\",\"datePublished\":\"2026-09-01T10:36:52+00:00\",\"description\":\"C\u00f3mo la IA est\u00e1 transformando el trabajo, qu\u00e9 profesiones est\u00e1n m\u00e1s expuestas y por qu\u00e9 las competencias, el reskilling y una gobernanza responsable ser\u00e1n decisivos.\",\"breadcrumb\":{\"@id\":\"https:\\\/\\\/aton.com\\\/es\\\/ia-y-trabajo-quien-corre-realmente-riesgo-en-la-revolucion-de-los-algoritmos\\\/#breadcrumb\"},\"inLanguage\":\"es\",\"potentialAction\":[{\"@type\":\"ReadAction\",\"target\":[\"https:\\\/\\\/aton.com\\\/es\\\/ia-y-trabajo-quien-corre-realmente-riesgo-en-la-revolucion-de-los-algoritmos\\\/\"]}]},{\"@type\":\"ImageObject\",\"inLanguage\":\"es\",\"@id\":\"https:\\\/\\\/aton.com\\\/es\\\/ia-y-trabajo-quien-corre-realmente-riesgo-en-la-revolucion-de-los-algoritmos\\\/#primaryimage\",\"url\":\"https:\\\/\\\/aton.com\\\/wp-content\\\/uploads\\\/2026\\\/09\\\/Banner-articoli-sito-28.jpg\",\"contentUrl\":\"https:\\\/\\\/aton.com\\\/wp-content\\\/uploads\\\/2026\\\/09\\\/Banner-articoli-sito-28.jpg\",\"width\":1920,\"height\":1080,\"caption\":\"IA y trabajo\"},{\"@type\":\"BreadcrumbList\",\"@id\":\"https:\\\/\\\/aton.com\\\/es\\\/ia-y-trabajo-quien-corre-realmente-riesgo-en-la-revolucion-de-los-algoritmos\\\/#breadcrumb\",\"itemListElement\":[{\"@type\":\"ListItem\",\"position\":1,\"name\":\"Home\",\"item\":\"https:\\\/\\\/aton.com\\\/es\\\/\"},{\"@type\":\"ListItem\",\"position\":2,\"name\":\"IA y trabajo: qui\u00e9n est\u00e1 realmente en riesgo en la revoluci\u00f3n de los algoritmos\"}]},{\"@type\":\"WebSite\",\"@id\":\"https:\\\/\\\/aton.com\\\/es\\\/#website\",\"url\":\"https:\\\/\\\/aton.com\\\/es\\\/\",\"name\":\"Aton\",\"description\":\"Accompagniamo la tua azienda verso la trasformazione digitale sostenibile\",\"publisher\":{\"@id\":\"https:\\\/\\\/aton.com\\\/es\\\/#organization\"},\"potentialAction\":[{\"@type\":\"SearchAction\",\"target\":{\"@type\":\"EntryPoint\",\"urlTemplate\":\"https:\\\/\\\/aton.com\\\/es\\\/?s={search_term_string}\"},\"query-input\":{\"@type\":\"PropertyValueSpecification\",\"valueRequired\":true,\"valueName\":\"search_term_string\"}}],\"inLanguage\":\"es\"},{\"@type\":\"Organization\",\"@id\":\"https:\\\/\\\/aton.com\\\/es\\\/#organization\",\"name\":\"Aton S.p.A. Societ\u00e0 Benefit\",\"url\":\"https:\\\/\\\/aton.com\\\/es\\\/\",\"logo\":{\"@type\":\"ImageObject\",\"inLanguage\":\"es\",\"@id\":\"https:\\\/\\\/aton.com\\\/es\\\/#\\\/schema\\\/logo\\\/image\\\/\",\"url\":\"https:\\\/\\\/aton.com\\\/wp-content\\\/uploads\\\/2022\\\/03\\\/aton_logo.png\",\"contentUrl\":\"https:\\\/\\\/aton.com\\\/wp-content\\\/uploads\\\/2022\\\/03\\\/aton_logo.png\",\"width\":295,\"height\":171,\"caption\":\"Aton S.p.A. Societ\u00e0 Benefit\"},\"image\":{\"@id\":\"https:\\\/\\\/aton.com\\\/es\\\/#\\\/schema\\\/logo\\\/image\\\/\"},\"sameAs\":[\"https:\\\/\\\/www.facebook.com\\\/aton.spa\\\/\",\"https:\\\/\\\/www.linkedin.com\\\/company\\\/aton-s.p.a.\",\"https:\\\/\\\/www.instagram.com\\\/atonspasocietabenefit\\\/\"]},{\"@type\":\"Person\",\"@id\":\"https:\\\/\\\/aton.com\\\/es\\\/#\\\/schema\\\/person\\\/1c6b0cc0b6710192731fc03784deabcd\",\"name\":\"Majda\",\"sameAs\":[\"https:\\\/\\\/aton.com\\\/\"],\"url\":\"https:\\\/\\\/aton.com\\\/es\\\/author\\\/majda\\\/\"}]}<\/script>\n<!-- \/ Yoast SEO plugin. -->","yoast_head_json":{"title":"IA y trabajo: riesgos, oportunidades y competencias","description":"C\u00f3mo la IA est\u00e1 transformando el trabajo, qu\u00e9 profesiones est\u00e1n m\u00e1s expuestas y por qu\u00e9 las competencias, el reskilling y una gobernanza responsable ser\u00e1n decisivos.","robots":{"index":"index","follow":"follow","max-snippet":"max-snippet:-1","max-image-preview":"max-image-preview:large","max-video-preview":"max-video-preview:-1"},"canonical":"https:\/\/aton.com\/es\/ia-y-trabajo-quien-corre-realmente-riesgo-en-la-revolucion-de-los-algoritmos\/","og_locale":"es_ES","og_type":"article","og_title":"IA y trabajo: riesgos, oportunidades y competencias","og_description":"C\u00f3mo la IA est\u00e1 transformando el trabajo, qu\u00e9 profesiones est\u00e1n m\u00e1s expuestas y por qu\u00e9 las competencias, el reskilling y una gobernanza responsable ser\u00e1n decisivos.","og_url":"https:\/\/aton.com\/es\/ia-y-trabajo-quien-corre-realmente-riesgo-en-la-revolucion-de-los-algoritmos\/","og_site_name":"Aton","article_publisher":"https:\/\/www.facebook.com\/aton.spa\/","article_published_time":"2026-09-01T10:36:52+00:00","og_image":[{"width":1920,"height":1080,"url":"https:\/\/aton.com\/wp-content\/uploads\/2026\/09\/Banner-articoli-sito-28.jpg","type":"image\/jpeg"}],"author":"Majda","twitter_card":"summary_large_image","twitter_misc":{"Escrito por":"Majda","Tiempo de lectura":"7 minutos"},"schema":{"@context":"https:\/\/schema.org","@graph":[{"@type":"Article","@id":"https:\/\/aton.com\/es\/ia-y-trabajo-quien-corre-realmente-riesgo-en-la-revolucion-de-los-algoritmos\/#article","isPartOf":{"@id":"https:\/\/aton.com\/es\/ia-y-trabajo-quien-corre-realmente-riesgo-en-la-revolucion-de-los-algoritmos\/"},"author":{"name":"Majda","@id":"https:\/\/aton.com\/es\/#\/schema\/person\/1c6b0cc0b6710192731fc03784deabcd"},"headline":"IA y trabajo: qui\u00e9n est\u00e1 realmente en riesgo en la revoluci\u00f3n de los algoritmos","datePublished":"2026-09-01T10:36:52+00:00","mainEntityOfPage":{"@id":"https:\/\/aton.com\/es\/ia-y-trabajo-quien-corre-realmente-riesgo-en-la-revolucion-de-los-algoritmos\/"},"wordCount":1443,"publisher":{"@id":"https:\/\/aton.com\/es\/#organization"},"image":{"@id":"https:\/\/aton.com\/es\/ia-y-trabajo-quien-corre-realmente-riesgo-en-la-revolucion-de-los-algoritmos\/#primaryimage"},"thumbnailUrl":"https:\/\/aton.com\/wp-content\/uploads\/2026\/09\/Banner-articoli-sito-28.jpg","inLanguage":"es"},{"@type":"WebPage","@id":"https:\/\/aton.com\/es\/ia-y-trabajo-quien-corre-realmente-riesgo-en-la-revolucion-de-los-algoritmos\/","url":"https:\/\/aton.com\/es\/ia-y-trabajo-quien-corre-realmente-riesgo-en-la-revolucion-de-los-algoritmos\/","name":"IA y trabajo: riesgos, oportunidades y competencias","isPartOf":{"@id":"https:\/\/aton.com\/es\/#website"},"primaryImageOfPage":{"@id":"https:\/\/aton.com\/es\/ia-y-trabajo-quien-corre-realmente-riesgo-en-la-revolucion-de-los-algoritmos\/#primaryimage"},"image":{"@id":"https:\/\/aton.com\/es\/ia-y-trabajo-quien-corre-realmente-riesgo-en-la-revolucion-de-los-algoritmos\/#primaryimage"},"thumbnailUrl":"https:\/\/aton.com\/wp-content\/uploads\/2026\/09\/Banner-articoli-sito-28.jpg","datePublished":"2026-09-01T10:36:52+00:00","description":"C\u00f3mo la IA est\u00e1 transformando el trabajo, qu\u00e9 profesiones est\u00e1n m\u00e1s expuestas y por qu\u00e9 las competencias, el reskilling y una gobernanza responsable ser\u00e1n decisivos.","breadcrumb":{"@id":"https:\/\/aton.com\/es\/ia-y-trabajo-quien-corre-realmente-riesgo-en-la-revolucion-de-los-algoritmos\/#breadcrumb"},"inLanguage":"es","potentialAction":[{"@type":"ReadAction","target":["https:\/\/aton.com\/es\/ia-y-trabajo-quien-corre-realmente-riesgo-en-la-revolucion-de-los-algoritmos\/"]}]},{"@type":"ImageObject","inLanguage":"es","@id":"https:\/\/aton.com\/es\/ia-y-trabajo-quien-corre-realmente-riesgo-en-la-revolucion-de-los-algoritmos\/#primaryimage","url":"https:\/\/aton.com\/wp-content\/uploads\/2026\/09\/Banner-articoli-sito-28.jpg","contentUrl":"https:\/\/aton.com\/wp-content\/uploads\/2026\/09\/Banner-articoli-sito-28.jpg","width":1920,"height":1080,"caption":"IA y trabajo"},{"@type":"BreadcrumbList","@id":"https:\/\/aton.com\/es\/ia-y-trabajo-quien-corre-realmente-riesgo-en-la-revolucion-de-los-algoritmos\/#breadcrumb","itemListElement":[{"@type":"ListItem","position":1,"name":"Home","item":"https:\/\/aton.com\/es\/"},{"@type":"ListItem","position":2,"name":"IA y trabajo: qui\u00e9n est\u00e1 realmente en riesgo en la revoluci\u00f3n de los algoritmos"}]},{"@type":"WebSite","@id":"https:\/\/aton.com\/es\/#website","url":"https:\/\/aton.com\/es\/","name":"Aton","description":"Accompagniamo la tua azienda verso la trasformazione digitale sostenibile","publisher":{"@id":"https:\/\/aton.com\/es\/#organization"},"potentialAction":[{"@type":"SearchAction","target":{"@type":"EntryPoint","urlTemplate":"https:\/\/aton.com\/es\/?s={search_term_string}"},"query-input":{"@type":"PropertyValueSpecification","valueRequired":true,"valueName":"search_term_string"}}],"inLanguage":"es"},{"@type":"Organization","@id":"https:\/\/aton.com\/es\/#organization","name":"Aton S.p.A. Societ\u00e0 Benefit","url":"https:\/\/aton.com\/es\/","logo":{"@type":"ImageObject","inLanguage":"es","@id":"https:\/\/aton.com\/es\/#\/schema\/logo\/image\/","url":"https:\/\/aton.com\/wp-content\/uploads\/2022\/03\/aton_logo.png","contentUrl":"https:\/\/aton.com\/wp-content\/uploads\/2022\/03\/aton_logo.png","width":295,"height":171,"caption":"Aton S.p.A. Societ\u00e0 Benefit"},"image":{"@id":"https:\/\/aton.com\/es\/#\/schema\/logo\/image\/"},"sameAs":["https:\/\/www.facebook.com\/aton.spa\/","https:\/\/www.linkedin.com\/company\/aton-s.p.a.","https:\/\/www.instagram.com\/atonspasocietabenefit\/"]},{"@type":"Person","@id":"https:\/\/aton.com\/es\/#\/schema\/person\/1c6b0cc0b6710192731fc03784deabcd","name":"Majda","sameAs":["https:\/\/aton.com\/"],"url":"https:\/\/aton.com\/es\/author\/majda\/"}]}},"_links":{"self":[{"href":"https:\/\/aton.com\/es\/wp-json\/wp\/v2\/posts\/81403","targetHints":{"allow":["GET"]}}],"collection":[{"href":"https:\/\/aton.com\/es\/wp-json\/wp\/v2\/posts"}],"about":[{"href":"https:\/\/aton.com\/es\/wp-json\/wp\/v2\/types\/post"}],"author":[{"embeddable":true,"href":"https:\/\/aton.com\/es\/wp-json\/wp\/v2\/users\/22"}],"replies":[{"embeddable":true,"href":"https:\/\/aton.com\/es\/wp-json\/wp\/v2\/comments?post=81403"}],"version-history":[{"count":1,"href":"https:\/\/aton.com\/es\/wp-json\/wp\/v2\/posts\/81403\/revisions"}],"predecessor-version":[{"id":81407,"href":"https:\/\/aton.com\/es\/wp-json\/wp\/v2\/posts\/81403\/revisions\/81407"}],"wp:featuredmedia":[{"embeddable":true,"href":"https:\/\/aton.com\/es\/wp-json\/wp\/v2\/media\/81404"}],"wp:attachment":[{"href":"https:\/\/aton.com\/es\/wp-json\/wp\/v2\/media?parent=81403"}],"curies":[{"name":"wp","href":"https:\/\/api.w.org\/{rel}","templated":true}]}}